{"id":2249,"date":"2019-02-20T09:00:14","date_gmt":"2019-02-20T08:00:14","guid":{"rendered":"http:\/\/themes.goodlayers2.com\/mediso\/corporate\/?p=2249"},"modified":"2019-03-28T12:10:03","modified_gmt":"2019-03-28T11:10:03","slug":"honorarprofessor","status":"publish","type":"post","link":"https:\/\/www.greindlkoeck.at\/en\/honorarprofessor\/","title":{"rendered":"Antrittsvorlesung von Dr. Stefan K\u00f6ck als Honorarprofessor an der Universit\u00e4t Wien"},"content":{"rendered":"<p>Am 18.3. 2019 h\u00e4lt Dr. Stefan K\u00f6ck seine Antrittsvorlesung als Honorarprofessor an der Universit\u00e4t Wien zum Thema Arbeitnehmermitbestimmung im Aufsichtsrat.<\/p>\n<p>Mit 22. Juni 2018 wurde Rechtsanwalt Dr. Stefan K\u00f6ck, Partner der Kanzlei Greindl &amp; K\u00f6ck Rechtsanw\u00e4lte, die Lehrbefugnis als Honorarprofessor f\u00fcr Arbeitsrecht und Sozialrecht an der Universit\u00e4t Wien verliehen.<\/p>\n<p>Stefan K\u00f6ck ist seit mehr als 20 Jahren als einer der f\u00fchrenden Arbeitsrechtsexperten in \u00d6sterreich als Rechtsanwalt und in der Wissenschaft und akademischen Lehre t\u00e4tig. Bevor der renommierte Arbeitsrechtsexperte im Mai 2017 Partner der Kanzlei Greindl &amp; K\u00f6ck Rechtsanw\u00e4lte wurde, war er bis April 2017 Partner der Kanzlei Freshfields Bruckhaus Deringer. K\u00f6ck ist langj\u00e4hriger Lehrbeauftragter f\u00fcr Arbeitsrecht an der Universit\u00e4t Wien und an der Wirtschaftsuniversit\u00e4t Wien sowie Schriftleiter der Zeitschrift f\u00fcr Arbeitsrecht und Sozialrecht, einer f\u00fchrenden Fachzeitschrift f\u00fcr Arbeits- und Sozialrecht in \u00d6sterreich. Er publiziert regelm\u00e4\u00dfig, insbesondere im Bereich des Arbeitsrechts. Seine Beratungspraxis umfasst neben dem gesamten Arbeitsrecht das Gesellschafts- und Vertragsrecht. Schwerpunkte seiner Beratungst\u00e4tigkeit sind betriebliche Strukturfragen (Betriebsvereinbarungen, Betriebs\u00e4nderungen, Kollektivvertragsgeltung), Vertr\u00e4ge mit leitenden Angestellten, Betriebspensionen und Betriebs\u00fcberg\u00e4nge.<\/p>\n<p><strong>\u00dcber Greindl &amp; K\u00f6ck Rechtsanw\u00e4lte GmbH<br \/>\n<\/strong>Greindl &amp; K\u00f6ck Rechtsanw\u00e4lte ist eine seit 2003 bestehende Boutique-Wirtschaftskanzlei in Wien mit internationaler Ausrichtung. Mandanten sind \u00fcberwiegend internationale Konzerne und mittelst\u00e4ndische \u00f6sterreichische Unternehmen. Fokusgebiete der Kanzlei sind neben dem Arbeitsrecht das Gesellschafts- und Vertragsrecht, Umgr\u00fcndungen und M&amp;A-Transaktionen, das Immobilienrecht, das \u00f6ffentliche Wirtschaftsrecht und der gewerbliche Rechtsschutz. Bei internationalen Transaktionen arbeitet die Kanzlei mit einem Netzwerk von ausl\u00e4ndischen Kanzleien zusammen. Die Kanzlei hat vier Partner \u2011 die Gr\u00fcndungspartner Dr. Georg Greindl und Dr. Bettina K\u00f6ck, LL.M. (Northwestern) sowie Mag.\u00a0Markus Hofpointner und Dr. Stefan K\u00f6ck, LL.M. (Northwestern) \u2011 und weitere erfahrene Juristen im Team.<\/p>\n<p>F\u00fcr weitere Fragen wenden Sie sich bitte an:<\/p>\n<p>Dr. Stefan K\u00f6ck<br \/>\nGreindl &amp; K\u00f6ck Rechtsanw\u00e4lte GmbH<br \/>\nGu\u00dfhausstra\u00dfe 14<br \/>\n1040 Wien<\/p>\n<p>Telefon: +43 1 494 63 63-0<br \/>\ne-mail: <a href=\"mailto:office@greindlkoeck.at\">office@greindlkoeck.at<\/a><\/p>\n","protected":false},"excerpt":{"rendered":"<p>Am 18.3. 2019 h\u00e4lt Dr. Stefan K\u00f6ck seine Antrittsvorlesung als Honorarprofessor an der Universit\u00e4t Wien zum Thema Arbeitnehmermitbestimmung im Aufsichtsrat. Mit 22. Juni 2018 wurde Rechtsanwalt Dr. Stefan K\u00f6ck, Partner der Kanzlei Greindl &amp; K\u00f6ck Rechtsanw\u00e4lte, die Lehrbefugnis als Honorarprofessor f\u00fcr Arbeitsrecht und Sozialrecht an der Universit\u00e4t Wien verliehen. Stefan K\u00f6ck ist seit mehr als&#8230; <\/p>\n<div class=\"clear\"><\/div>\n<p><a href=\"https:\/\/www.greindlkoeck.at\/en\/honorarprofessor\/\" class=\"excerpt-read-more\">read more<\/a><\/p>\n","protected":false},"author":4,"featured_media":4987,"comment_status":"closed","ping_status":"closed","sticky":false,"template":"","format":"standard","meta":{"footnotes":""},"categories":[3],"tags":[],"class_list":["post-2249","post","type-post","status-publish","format-standard","has-post-thumbnail","hentry","category-audio"],"_links":{"self":[{"href":"https:\/\/www.greindlkoeck.at\/en\/wp-json\/wp\/v2\/posts\/2249","targetHints":{"allow":["GET"]}}],"collection":[{"href":"https:\/\/www.greindlkoeck.at\/en\/wp-json\/wp\/v2\/posts"}],"about":[{"href":"https:\/\/www.greindlkoeck.at\/en\/wp-json\/wp\/v2\/types\/post"}],"author":[{"embeddable":true,"href":"https:\/\/www.greindlkoeck.at\/en\/wp-json\/wp\/v2\/users\/4"}],"replies":[{"embeddable":true,"href":"https:\/\/www.greindlkoeck.at\/en\/wp-json\/wp\/v2\/comments?post=2249"}],"version-history":[{"count":10,"href":"https:\/\/www.greindlkoeck.at\/en\/wp-json\/wp\/v2\/posts\/2249\/revisions"}],"predecessor-version":[{"id":4995,"href":"https:\/\/www.greindlkoeck.at\/en\/wp-json\/wp\/v2\/posts\/2249\/revisions\/4995"}],"wp:featuredmedia":[{"embeddable":true,"href":"https:\/\/www.greindlkoeck.at\/en\/wp-json\/wp\/v2\/media\/4987"}],"wp:attachment":[{"href":"https:\/\/www.greindlkoeck.at\/en\/wp-json\/wp\/v2\/media?parent=2249"}],"wp:term":[{"taxonomy":"category","embeddable":true,"href":"https:\/\/www.greindlkoeck.at\/en\/wp-json\/wp\/v2\/categories?post=2249"},{"taxonomy":"post_tag","embeddable":true,"href":"https:\/\/www.greindlkoeck.at\/en\/wp-json\/wp\/v2\/tags?post=2249"}],"curies":[{"name":"wp","href":"https:\/\/api.w.org\/{rel}","templated":true}]}}